{"id":3618,"date":"2024-10-14T14:30:58","date_gmt":"2024-10-14T14:30:58","guid":{"rendered":"https:\/\/leafbiodiversity.eu\/?p=3618"},"modified":"2024-11-12T17:31:43","modified_gmt":"2024-11-12T17:31:43","slug":"4eme-reunion-internationale-des-coordinateurs-du-projet-erasmus-leaf-a-belgrade","status":"publish","type":"post","link":"https:\/\/leafbiodiversity.eu\/fr\/4eme-reunion-internationale-des-coordinateurs-du-projet-erasmus-leaf-a-belgrade\/","title":{"rendered":"4\u00e8me r\u00e9union internationale des coordinateurs du projet Erasmus LEAF \u00e0 Belgrade"},"content":{"rendered":"<p>[et_pb_section fb_built=\u00a0\u00bb1&Prime; _builder_version=\u00a0\u00bb4.25.0&Prime; _module_preset=\u00a0\u00bbdefault\u00a0\u00bb global_colors_info=\u00a0\u00bb{}\u00a0\u00bb theme_builder_area=\u00a0\u00bbpost_content\u00a0\u00bb][et_pb_row _builder_version=\u00a0\u00bb4.25.0&Prime; _module_preset=\u00a0\u00bbdefault\u00a0\u00bb global_colors_info=\u00a0\u00bb{}\u00a0\u00bb theme_builder_area=\u00a0\u00bbpost_content\u00a0\u00bb][et_pb_column type=\u00a0\u00bb4_4&Prime; _builder_version=\u00a0\u00bb4.25.0&Prime; _module_preset=\u00a0\u00bbdefault\u00a0\u00bb global_colors_info=\u00a0\u00bb{}\u00a0\u00bb theme_builder_area=\u00a0\u00bbpost_content\u00a0\u00bb][et_pb_text _builder_version=\u00a0\u00bb4.27.2&Prime; _module_preset=\u00a0\u00bbdefault\u00a0\u00bb hover_enabled=\u00a0\u00bb0&Prime; global_colors_info=\u00a0\u00bb{}\u00a0\u00bb theme_builder_area=\u00a0\u00bbpost_content\u00a0\u00bb sticky_enabled=\u00a0\u00bb0&Prime;]<\/p>\n<p>La quatri\u00e8me r\u00e9union des coordinateurs du projet Erasmus + LEAF a eu lieu le 26 et 27 septembre \u00e0 Belgrade. Les coordinateurs des six pays participant au projet ont assist\u00e9 \u00e0 la r\u00e9union. La r\u00e9union de Belgrade est la derni\u00e8re r\u00e9union dans le cadre de ce projet, qui se termine en d\u00e9cembre de cette ann\u00e9e.  <\/p>\n<p>Le th\u00e8me principal de ces deux jours de r\u00e9union \u00e9tait l&rsquo;analyse de l&rsquo;\u00e9tat d&rsquo;avancement des work packages et la r\u00e9flexion sur les \u00e9tapes futures de la mise en \u0153uvre des projets. Les coordinateurs ont discut\u00e9 en d\u00e9tail des r\u00e9sultats obtenus jusqu&rsquo;\u00e0 pr\u00e9sent et des d\u00e9fis auxquels ils ont \u00e9t\u00e9 confront\u00e9s au cours des deux derni\u00e8res ann\u00e9es de travail sur ce projet. L&rsquo;engagement commun des six pays a permis la cr\u00e9ation d&rsquo;un manuel et d&rsquo;une plateforme interactive pour les enseignants. Le manuel est destin\u00e9 aux enseignants qui souhaitent am\u00e9liorer leur enseignement car il fournit un contenu riche ainsi que des exercices qui peuvent \u00eatre facilement appliqu\u00e9s en classe. La plateforme interactive sert d&rsquo;outil d&rsquo;enseignement car elle offre des ressources utiles qui peuvent \u00eatre facilement int\u00e9gr\u00e9es dans les programmes scolaires.   <\/p>\n<p>Lien vers le manuel: https:\/\/leafbiodiversity.eu\/results\/teachers-handbook\/<\/p>\n<p>Lien vers la plateforme p\u00e9dagogique: https:\/\/leafelearning.com\/<\/p>\n<p>Apr\u00e8s une \u00e9valuation d\u00e9taill\u00e9e des objectifs atteints, les coordinateurs ont \u00e9galement pr\u00e9sent\u00e9 des plans pour les prochaines phases du projet. L&rsquo;accent a \u00e9t\u00e9 mis sur le d\u00e9veloppement de la plateforme, ainsi que sur la d\u00e9finition de strat\u00e9gies qui permettront la mise en \u0153uvre la plus efficace possible des objectifs du projet. <\/p>\n<p>Apr\u00e8s les r\u00e9unions, les participants ont eu l&rsquo;occasion de visiter Belgrade en compagnie d&rsquo;un guide professionnel et, au cours d&rsquo;une promenade d\u00e9tendue dans le centre-ville, d&rsquo;en d\u00e9couvrir l&rsquo;histoire et l&rsquo;architecture. Le soir, avec leurs h\u00f4tes, ils ont visit\u00e9 la partie boh\u00e9mienne de la ville, Skadarlija, et ont profit\u00e9 du temps agr\u00e9able et de l&rsquo;atmosph\u00e8re du quartier boh\u00e9mien. <\/p>\n<p>Nous tenons \u00e0 remercier tous les participants de la r\u00e9union pour la discussion constructive et leur contribution au succ\u00e8s de cette r\u00e9union. Nous attendons avec impatience la poursuite des travaux et la mise en \u0153uvre r\u00e9ussie des prochaines \u00e9tapes. <\/p>\n<p>[\/et_pb_text][\/et_pb_column][\/et_pb_row][\/et_pb_section]<\/p>\n","protected":false},"excerpt":{"rendered":"<p>La quatri\u00e8me r\u00e9union des coordinateurs du projet Erasmus + LEAF a eu lieu le 26 et 27 septembre \u00e0 Belgrade. Les coordinateurs des six pays participant au projet ont assist\u00e9 \u00e0 la r\u00e9union. La r\u00e9union de Belgrade est la derni\u00e8re r\u00e9union dans le cadre de ce projet, qui se termine en d\u00e9cembre de cette ann\u00e9e. [&hellip;]<\/p>\n","protected":false},"author":1,"featured_media":3638,"comment_status":"closed","ping_status":"closed","sticky":false,"template":"","format":"standard","meta":{"_et_pb_use_builder":"on","_et_pb_old_content":"","_et_gb_content_width":"","footnotes":""},"categories":[51],"tags":[],"class_list":["post-3618","post","type-post","status-publish","format-standard","has-post-thumbnail","hentry","category-news-fr"],"_links":{"self":[{"href":"https:\/\/leafbiodiversity.eu\/fr\/wp-json\/wp\/v2\/posts\/3618","targetHints":{"allow":["GET"]}}],"collection":[{"href":"https:\/\/leafbiodiversity.eu\/fr\/wp-json\/wp\/v2\/posts"}],"about":[{"href":"https:\/\/leafbiodiversity.eu\/fr\/wp-json\/wp\/v2\/types\/post"}],"author":[{"embeddable":true,"href":"https:\/\/leafbiodiversity.eu\/fr\/wp-json\/wp\/v2\/users\/1"}],"replies":[{"embeddable":true,"href":"https:\/\/leafbiodiversity.eu\/fr\/wp-json\/wp\/v2\/comments?post=3618"}],"version-history":[{"count":7,"href":"https:\/\/leafbiodiversity.eu\/fr\/wp-json\/wp\/v2\/posts\/3618\/revisions"}],"predecessor-version":[{"id":3693,"href":"https:\/\/leafbiodiversity.eu\/fr\/wp-json\/wp\/v2\/posts\/3618\/revisions\/3693"}],"wp:featuredmedia":[{"embeddable":true,"href":"https:\/\/leafbiodiversity.eu\/fr\/wp-json\/wp\/v2\/media\/3638"}],"wp:attachment":[{"href":"https:\/\/leafbiodiversity.eu\/fr\/wp-json\/wp\/v2\/media?parent=3618"}],"wp:term":[{"taxonomy":"category","embeddable":true,"href":"https:\/\/leafbiodiversity.eu\/fr\/wp-json\/wp\/v2\/categories?post=3618"},{"taxonomy":"post_tag","embeddable":true,"href":"https:\/\/leafbiodiversity.eu\/fr\/wp-json\/wp\/v2\/tags?post=3618"}],"curies":[{"name":"wp","href":"https:\/\/api.w.org\/{rel}","templated":true}]}}