{"id":3054,"date":"2024-06-17T13:41:38","date_gmt":"2024-06-17T13:41:38","guid":{"rendered":"https:\/\/leafbiodiversity.eu\/la-3eme-infographie-est-la\/"},"modified":"2024-11-22T18:11:40","modified_gmt":"2024-11-22T18:11:40","slug":"la-3eme-infographie-est-la","status":"publish","type":"post","link":"https:\/\/leafbiodiversity.eu\/fr\/la-3eme-infographie-est-la\/","title":{"rendered":"La 3\u00e8me infographie est l\u00e0!"},"content":{"rendered":"<p>[et_pb_section fb_built=\u00a0\u00bb1&Prime; _builder_version=\u00a0\u00bb4.25.0&Prime; _module_preset=\u00a0\u00bbdefault\u00a0\u00bb global_colors_info=\u00a0\u00bb{}\u00a0\u00bb][et_pb_row _builder_version=\u00a0\u00bb4.25.0&Prime; _module_preset=\u00a0\u00bbdefault\u00a0\u00bb global_colors_info=\u00a0\u00bb{}\u00a0\u00bb][et_pb_column type=\u00a0\u00bb4_4&Prime; _builder_version=\u00a0\u00bb4.25.0&Prime; _module_preset=\u00a0\u00bbdefault\u00a0\u00bb global_colors_info=\u00a0\u00bb{}\u00a0\u00bb][et_pb_text _builder_version=\u00a0\u00bb4.25.0&Prime; _module_preset=\u00a0\u00bbdefault\u00a0\u00bb global_colors_info=\u00a0\u00bb{}\u00a0\u00bb]<\/p>\n<p>Nous sommes ravis de vous pr\u00e9senter notre nouvelle infographie, qui met en lumi\u00e8re nos derni\u00e8res initiatives : le lancement de l&rsquo;Acad\u00e9mie LEAF, o\u00f9 vous et vos \u00e9l\u00e8ves apprendrez \u00e0 prot\u00e9ger la biodiversit\u00e9 et \u00e0 utiliser le kit WE LAB. Cette troisi\u00e8me infographie de notre s\u00e9rie pr\u00e9sente cette plateforme innovante con\u00e7ue pour am\u00e9liorer l&rsquo;\u00e9ducation et la recherche en mati\u00e8re de biodiversit\u00e9.<\/p>\n<p><strong>D\u00e9couvrez le kit WE LAB<\/strong><br \/>Le kit WE LAB est un outil complet con\u00e7u pour donner aux \u00e9tudiants et aux chercheurs les ressources dont ils ont besoin pour explorer et comprendre la biodiversit\u00e9. \u00c9quip\u00e9 d&rsquo;instruments de pointe et de guides d\u00e9taill\u00e9s, ce kit de laboratoire facilite plus que jamais la r\u00e9alisation d&rsquo;\u00e9tudes sur le terrain, l&rsquo;analyse des donn\u00e9es et la contribution \u00e0 notre connaissance croissante des \u00e9cosyst\u00e8mes urbains.<\/p>\n<p><strong>Bienvenue \u00e0 l&rsquo;Acad\u00e9mie LEAF<\/strong><br \/>Nous sommes \u00e9galement ravis d&rsquo;annoncer le lancement de l&rsquo;Acad\u00e9mie LEAF, une plateforme \u00e9ducative destin\u00e9e \u00e0 favoriser une meilleure compr\u00e9hension de la biodiversit\u00e9. L&rsquo;Acad\u00e9mie LEAF propose une gamme de mat\u00e9riels, d&rsquo;ateliers et d&rsquo;exp\u00e9riences pratiques destin\u00e9s aux \u00e9tudiants, aux \u00e9ducateurs et \u00e0 toute personne passionn\u00e9e par la nature. Notre mission est d&rsquo;inspirer la prochaine g\u00e9n\u00e9ration de gardiens de la biodiversit\u00e9 gr\u00e2ce \u00e0 des exp\u00e9riences d&rsquo;apprentissage immersives et interactives.<\/p>\n<p>Consultez l&rsquo;infographie ci-dessous pour en savoir plus sur ces nouveaux d\u00e9veloppements passionnants et d\u00e9couvrir comment vous pouvez vous impliquer !<\/p>\n<p>[\/et_pb_text][\/et_pb_column][\/et_pb_row][et_pb_row _builder_version=\u00a0\u00bb4.25.0&Prime; _module_preset=\u00a0\u00bbdefault\u00a0\u00bb global_colors_info=\u00a0\u00bb{}\u00a0\u00bb][et_pb_column type=\u00a0\u00bb4_4&Prime; _builder_version=\u00a0\u00bb4.25.0&Prime; _module_preset=\u00a0\u00bbdefault\u00a0\u00bb global_colors_info=\u00a0\u00bb{}\u00a0\u00bb][et_pb_button button_url=\u00a0\u00bbhttps:\/\/leafbiodiversity.eu\/wp-content\/uploads\/2024\/11\/LEAF-infographic3.pdf.pdf\u00a0\u00bb button_text=\u00a0\u00bbINFOGRAPHIE vol. III\u00a0\u00bb _builder_version=\u00a0\u00bb4.27.2&Prime; _module_preset=\u00a0\u00bbdefault\u00a0\u00bb hover_enabled=\u00a0\u00bb0&Prime; global_colors_info=\u00a0\u00bb{}\u00a0\u00bb url_new_window=\u00a0\u00bbon\u00a0\u00bb sticky_enabled=\u00a0\u00bb0&Prime;][\/et_pb_button][\/et_pb_column][\/et_pb_row][\/et_pb_section]<\/p>\n","protected":false},"excerpt":{"rendered":"<p>Nous sommes ravis de vous pr\u00e9senter notre nouvelle infographie, qui met en lumi\u00e8re nos derni\u00e8res initiatives : le lancement de l&rsquo;Acad\u00e9mie LEAF, o\u00f9 vous et vos \u00e9l\u00e8ves apprendrez \u00e0 prot\u00e9ger la biodiversit\u00e9 et \u00e0 utiliser le kit WE LAB. Cette troisi\u00e8me infographie de notre s\u00e9rie pr\u00e9sente cette plateforme innovante con\u00e7ue pour am\u00e9liorer l&rsquo;\u00e9ducation et la [&hellip;]<\/p>\n","protected":false},"author":2,"featured_media":2831,"comment_status":"open","ping_status":"open","sticky":false,"template":"","format":"standard","meta":{"_et_pb_use_builder":"on","_et_pb_old_content":"","_et_gb_content_width":"","footnotes":""},"categories":[51],"tags":[],"class_list":["post-3054","post","type-post","status-publish","format-standard","has-post-thumbnail","hentry","category-news-fr"],"_links":{"self":[{"href":"https:\/\/leafbiodiversity.eu\/fr\/wp-json\/wp\/v2\/posts\/3054","targetHints":{"allow":["GET"]}}],"collection":[{"href":"https:\/\/leafbiodiversity.eu\/fr\/wp-json\/wp\/v2\/posts"}],"about":[{"href":"https:\/\/leafbiodiversity.eu\/fr\/wp-json\/wp\/v2\/types\/post"}],"author":[{"embeddable":true,"href":"https:\/\/leafbiodiversity.eu\/fr\/wp-json\/wp\/v2\/users\/2"}],"replies":[{"embeddable":true,"href":"https:\/\/leafbiodiversity.eu\/fr\/wp-json\/wp\/v2\/comments?post=3054"}],"version-history":[{"count":12,"href":"https:\/\/leafbiodiversity.eu\/fr\/wp-json\/wp\/v2\/posts\/3054\/revisions"}],"predecessor-version":[{"id":3807,"href":"https:\/\/leafbiodiversity.eu\/fr\/wp-json\/wp\/v2\/posts\/3054\/revisions\/3807"}],"wp:featuredmedia":[{"embeddable":true,"href":"https:\/\/leafbiodiversity.eu\/fr\/wp-json\/wp\/v2\/media\/2831"}],"wp:attachment":[{"href":"https:\/\/leafbiodiversity.eu\/fr\/wp-json\/wp\/v2\/media?parent=3054"}],"wp:term":[{"taxonomy":"category","embeddable":true,"href":"https:\/\/leafbiodiversity.eu\/fr\/wp-json\/wp\/v2\/categories?post=3054"},{"taxonomy":"post_tag","embeddable":true,"href":"https:\/\/leafbiodiversity.eu\/fr\/wp-json\/wp\/v2\/tags?post=3054"}],"curies":[{"name":"wp","href":"https:\/\/api.w.org\/{rel}","templated":true}]}}